{"id":9860,"date":"2017-03-15T16:04:34","date_gmt":"2017-03-15T15:04:34","guid":{"rendered":"http:\/\/codexsrl.com.94-76-252-100.web-agency-padova.it\/unkategorisiert\/11-biennale-der-kinderkunst\/"},"modified":"2024-03-13T11:57:11","modified_gmt":"2024-03-13T10:57:11","slug":"11-biennale-der-kinderkunst","status":"publish","type":"post","link":"https:\/\/www.codexsrl.com\/de\/nachrichten\/11-biennale-der-kinderkunst\/","title":{"rendered":"11. Biennale der Kinderkunst"},"content":{"rendered":"<p>Wir freuen uns, Sie \u00fcber diese Initiative informieren zu k\u00f6nnen, die sich an Kinder in Kinderg\u00e4rten, Vorschulen und Grundschulen in den Regionen Venetien, Lombardei, Toskana, Kampanien, Umbrien und Friaul-Julisch-Venetien richtet.<\/p>\n<p>Die von der Lehrerin und Malerin <strong>Liana Bottiglieri Calzavara<\/strong> konzipierte und geleitete Initiative zielt darauf ab, Kinderg\u00e4rtnerinnen und Kinderg\u00e4rtner sowie Grundschullehrerinnen und -lehrer auszubilden und auf den neuesten Stand zu bringen und so <strong>die Kinder durch k\u00fcnstlerische Kreativit\u00e4t<\/strong> mit der Methode des &#8222;Zeichen-Farb-Alphabets&#8220; <strong>zu erziehen<\/strong>.<br \/>\nDas Projekt wird in zwei Phasen oder <strong>p\u00e4dagogisch-didaktischen Pfaden<\/strong> entwickelt, die auf Forschung und Experimenten basieren.<\/p>\n<p><strong>Einweihung und Er\u00f6ffnung der Biennale f\u00fcr Kinderkunst:<\/strong><br \/>\nSamstag, 28. April 2018 um 16.00 Uhr<\/p>\n<p><strong>Ausstellungsort:<\/strong><br \/>\nCa&#8216; Da Noal &#8211; Haus Robegan<br \/>\nVia Canova, 38<br \/>\n31100 Treviso (TV)<\/p>\n<p><strong>\u00d6ffnungszeiten der Ausstellung:<\/strong><br \/>\nWochentags 9:00 &#8211; 12:30 \/ 14:30 &#8211; 18:00<br \/>\nFeiertage 9:00 &#8211; 12:30 \/ 15:00 &#8211; 18:00<br \/>\n(t\u00e4glich ge\u00f6ffnet, au\u00dfer montags)<\/p>\n<p><strong>Website:<\/strong><br \/>\n<a href=\"http:\/\/www.biennaledartedelbambino.it\/\" alt=\"Biennale der Kinderkunst\">www.biennaledartedelbambino.it<\/a><\/p>\n","protected":false},"excerpt":{"rendered":"<p>Wir freuen uns, Sie \u00fcber diese Initiative informieren zu k\u00f6nnen, die sich an Kinder in Kinderg\u00e4rten, Vorschulen und Grundschulen in den Regionen Venetien, Lombardei, Toskana, Kampanien, Umbrien und Friaul-Julisch-Venetien richtet. Die von der Lehrerin und Malerin Liana Bottiglieri Calzavara konzipierte und geleitete Initiative zielt darauf ab, Kinderg\u00e4rtnerinnen und Kinderg\u00e4rtner sowie Grundschullehrerinnen und -lehrer auszubilden und&#8230;<\/p>\n","protected":false},"author":2,"featured_media":8493,"comment_status":"closed","ping_status":"open","sticky":false,"template":"","format":"standard","meta":{"footnotes":""},"categories":[242],"tags":[331,332,333,330,334],"yoast_head":"<!-- This site is optimized with the Yoast SEO plugin v22.3 - https:\/\/yoast.com\/wordpress\/plugins\/seo\/ -->\n<title>11. Biennale der Kinderkunst | Codex srl<\/title>\n<meta name=\"description\" content=\"Die Kinderkunstbiennale richtet sich an Kinderg\u00e4rten, Vorschulen und Grundschulen, um Kinder durch k\u00fcnstlerische Kreativit\u00e4t zu erziehen.\" \/>\n<meta name=\"robots\" content=\"index, follow, max-snippet:-1, max-image-preview:large, max-video-preview:-1\" \/>\n<link rel=\"canonical\" href=\"https:\/\/www.codexsrl.com\/de\/nachrichten\/11-biennale-der-kinderkunst\/\" \/>\n<meta property=\"og:locale\" content=\"de_DE\" \/>\n<meta property=\"og:type\" content=\"article\" \/>\n<meta property=\"og:title\" content=\"11. Biennale der Kinderkunst\" \/>\n<meta property=\"og:description\" content=\"Die Kinderkunstbiennale richtet sich an Kinderg\u00e4rten, Vorschulen und Grundschulen, um Kinder durch k\u00fcnstlerische Kreativit\u00e4t zu erziehen.\" \/>\n<meta property=\"og:url\" content=\"https:\/\/www.codexsrl.com\/de\/nachrichten\/11-biennale-der-kinderkunst\/\" \/>\n<meta property=\"og:site_name\" content=\"Codex srl\" \/>\n<meta property=\"article:publisher\" content=\"https:\/\/www.facebook.com\/codexsicurezza\" \/>\n<meta property=\"article:published_time\" content=\"2017-03-15T15:04:34+00:00\" \/>\n<meta property=\"article:modified_time\" content=\"2024-03-13T10:57:11+00:00\" \/>\n<meta property=\"og:image\" content=\"https:\/\/www.codexsrl.com\/wp-content\/uploads\/2018\/03\/biennale-arte-del-bambino-1.jpg\" \/>\n<meta name=\"author\" content=\"Codex\" \/>\n<meta name=\"twitter:card\" content=\"summary_large_image\" \/>\n<meta name=\"twitter:label1\" content=\"Verfasst von\" \/>\n\t<meta name=\"twitter:data1\" content=\"Codex\" \/>\n\t<meta name=\"twitter:label2\" content=\"Gesch\u00e4tzte Lesezeit\" \/>\n\t<meta name=\"twitter:data2\" content=\"1\u00a0Minute\" \/>\n<script type=\"application\/ld+json\" class=\"yoast-schema-graph\">{\"@context\":\"https:\/\/schema.org\",\"@graph\":[{\"@type\":\"Article\",\"@id\":\"https:\/\/www.codexsrl.com\/de\/nachrichten\/11-biennale-der-kinderkunst\/#article\",\"isPartOf\":{\"@id\":\"https:\/\/www.codexsrl.com\/de\/nachrichten\/11-biennale-der-kinderkunst\/\"},\"author\":{\"name\":\"Codex\",\"@id\":\"https:\/\/www.codexsrl.com\/de\/#\/schema\/person\/1b500ab794de0791dccff4cb499cdb36\"},\"headline\":\"11. Biennale der Kinderkunst\",\"datePublished\":\"2017-03-15T15:04:34+00:00\",\"dateModified\":\"2024-03-13T10:57:11+00:00\",\"mainEntityOfPage\":{\"@id\":\"https:\/\/www.codexsrl.com\/de\/nachrichten\/11-biennale-der-kinderkunst\/\"},\"wordCount\":145,\"publisher\":{\"@id\":\"https:\/\/www.codexsrl.com\/de\/#organization\"},\"image\":{\"@id\":\"https:\/\/www.codexsrl.com\/de\/nachrichten\/11-biennale-der-kinderkunst\/#primaryimage\"},\"thumbnailUrl\":\"https:\/\/www.codexsrl.com\/wp-content\/uploads\/2018\/03\/biennale-arte-del-bambino-1.jpg\",\"keywords\":[\"alle zwei Jahre\",\"Kinder\",\"Kreativit\u00e4t\",\"Kunst\",\"treviso\"],\"articleSection\":[\"Nachrichten\"],\"inLanguage\":\"de\"},{\"@type\":\"WebPage\",\"@id\":\"https:\/\/www.codexsrl.com\/de\/nachrichten\/11-biennale-der-kinderkunst\/\",\"url\":\"https:\/\/www.codexsrl.com\/de\/nachrichten\/11-biennale-der-kinderkunst\/\",\"name\":\"11. Biennale der Kinderkunst | Codex srl\",\"isPartOf\":{\"@id\":\"https:\/\/www.codexsrl.com\/de\/#website\"},\"primaryImageOfPage\":{\"@id\":\"https:\/\/www.codexsrl.com\/de\/nachrichten\/11-biennale-der-kinderkunst\/#primaryimage\"},\"image\":{\"@id\":\"https:\/\/www.codexsrl.com\/de\/nachrichten\/11-biennale-der-kinderkunst\/#primaryimage\"},\"thumbnailUrl\":\"https:\/\/www.codexsrl.com\/wp-content\/uploads\/2018\/03\/biennale-arte-del-bambino-1.jpg\",\"datePublished\":\"2017-03-15T15:04:34+00:00\",\"dateModified\":\"2024-03-13T10:57:11+00:00\",\"description\":\"Die Kinderkunstbiennale richtet sich an Kinderg\u00e4rten, Vorschulen und Grundschulen, um Kinder durch k\u00fcnstlerische Kreativit\u00e4t zu erziehen.\",\"breadcrumb\":{\"@id\":\"https:\/\/www.codexsrl.com\/de\/nachrichten\/11-biennale-der-kinderkunst\/#breadcrumb\"},\"inLanguage\":\"de\",\"potentialAction\":[{\"@type\":\"ReadAction\",\"target\":[\"https:\/\/www.codexsrl.com\/de\/nachrichten\/11-biennale-der-kinderkunst\/\"]}]},{\"@type\":\"ImageObject\",\"inLanguage\":\"de\",\"@id\":\"https:\/\/www.codexsrl.com\/de\/nachrichten\/11-biennale-der-kinderkunst\/#primaryimage\",\"url\":\"https:\/\/www.codexsrl.com\/wp-content\/uploads\/2018\/03\/biennale-arte-del-bambino-1.jpg\",\"contentUrl\":\"https:\/\/www.codexsrl.com\/wp-content\/uploads\/2018\/03\/biennale-arte-del-bambino-1.jpg\",\"width\":940,\"height\":592},{\"@type\":\"BreadcrumbList\",\"@id\":\"https:\/\/www.codexsrl.com\/de\/nachrichten\/11-biennale-der-kinderkunst\/#breadcrumb\",\"itemListElement\":[{\"@type\":\"ListItem\",\"position\":1,\"name\":\"Home\",\"item\":\"https:\/\/www.codexsrl.com\/de\/\"},{\"@type\":\"ListItem\",\"position\":2,\"name\":\"11. Biennale der Kinderkunst\"}]},{\"@type\":\"WebSite\",\"@id\":\"https:\/\/www.codexsrl.com\/de\/#website\",\"url\":\"https:\/\/www.codexsrl.com\/de\/\",\"name\":\"Codex srl\",\"description\":\"Sch\u00fctzt und dekoriert\",\"publisher\":{\"@id\":\"https:\/\/www.codexsrl.com\/de\/#organization\"},\"alternateName\":\"Codex Protezioni Antitrauma e Pavimentazioni\",\"potentialAction\":[{\"@type\":\"SearchAction\",\"target\":{\"@type\":\"EntryPoint\",\"urlTemplate\":\"https:\/\/www.codexsrl.com\/de\/?s={search_term_string}\"},\"query-input\":\"required name=search_term_string\"}],\"inLanguage\":\"de\"},{\"@type\":\"Organization\",\"@id\":\"https:\/\/www.codexsrl.com\/de\/#organization\",\"name\":\"Codex srl\",\"alternateName\":\"Codex Protezioni Antitrauma e Pavimentazioni\",\"url\":\"https:\/\/www.codexsrl.com\/de\/\",\"logo\":{\"@type\":\"ImageObject\",\"inLanguage\":\"de\",\"@id\":\"https:\/\/www.codexsrl.com\/de\/#\/schema\/logo\/image\/\",\"url\":\"https:\/\/www.codexsrl.com\/wp-content\/uploads\/2024\/01\/logo-Codex.webp\",\"contentUrl\":\"https:\/\/www.codexsrl.com\/wp-content\/uploads\/2024\/01\/logo-Codex.webp\",\"width\":527,\"height\":143,\"caption\":\"Codex srl\"},\"image\":{\"@id\":\"https:\/\/www.codexsrl.com\/de\/#\/schema\/logo\/image\/\"},\"sameAs\":[\"https:\/\/www.facebook.com\/codexsicurezza\",\"https:\/\/www.instagram.com\/codexsrl\/\",\"https:\/\/www.linkedin.com\/company\/codexsrl\/\"]},{\"@type\":\"Person\",\"@id\":\"https:\/\/www.codexsrl.com\/de\/#\/schema\/person\/1b500ab794de0791dccff4cb499cdb36\",\"name\":\"Codex\"}]}<\/script>\n<!-- \/ Yoast SEO plugin. -->","yoast_head_json":{"title":"11. Biennale der Kinderkunst | Codex srl","description":"Die Kinderkunstbiennale richtet sich an Kinderg\u00e4rten, Vorschulen und Grundschulen, um Kinder durch k\u00fcnstlerische Kreativit\u00e4t zu erziehen.","robots":{"index":"index","follow":"follow","max-snippet":"max-snippet:-1","max-image-preview":"max-image-preview:large","max-video-preview":"max-video-preview:-1"},"canonical":"https:\/\/www.codexsrl.com\/de\/nachrichten\/11-biennale-der-kinderkunst\/","og_locale":"de_DE","og_type":"article","og_title":"11. Biennale der Kinderkunst","og_description":"Die Kinderkunstbiennale richtet sich an Kinderg\u00e4rten, Vorschulen und Grundschulen, um Kinder durch k\u00fcnstlerische Kreativit\u00e4t zu erziehen.","og_url":"https:\/\/www.codexsrl.com\/de\/nachrichten\/11-biennale-der-kinderkunst\/","og_site_name":"Codex srl","article_publisher":"https:\/\/www.facebook.com\/codexsicurezza","article_published_time":"2017-03-15T15:04:34+00:00","article_modified_time":"2024-03-13T10:57:11+00:00","og_image":[{"url":"https:\/\/www.codexsrl.com\/wp-content\/uploads\/2018\/03\/biennale-arte-del-bambino-1.jpg"}],"author":"Codex","twitter_card":"summary_large_image","twitter_misc":{"Verfasst von":"Codex","Gesch\u00e4tzte Lesezeit":"1\u00a0Minute"},"schema":{"@context":"https:\/\/schema.org","@graph":[{"@type":"Article","@id":"https:\/\/www.codexsrl.com\/de\/nachrichten\/11-biennale-der-kinderkunst\/#article","isPartOf":{"@id":"https:\/\/www.codexsrl.com\/de\/nachrichten\/11-biennale-der-kinderkunst\/"},"author":{"name":"Codex","@id":"https:\/\/www.codexsrl.com\/de\/#\/schema\/person\/1b500ab794de0791dccff4cb499cdb36"},"headline":"11. Biennale der Kinderkunst","datePublished":"2017-03-15T15:04:34+00:00","dateModified":"2024-03-13T10:57:11+00:00","mainEntityOfPage":{"@id":"https:\/\/www.codexsrl.com\/de\/nachrichten\/11-biennale-der-kinderkunst\/"},"wordCount":145,"publisher":{"@id":"https:\/\/www.codexsrl.com\/de\/#organization"},"image":{"@id":"https:\/\/www.codexsrl.com\/de\/nachrichten\/11-biennale-der-kinderkunst\/#primaryimage"},"thumbnailUrl":"https:\/\/www.codexsrl.com\/wp-content\/uploads\/2018\/03\/biennale-arte-del-bambino-1.jpg","keywords":["alle zwei Jahre","Kinder","Kreativit\u00e4t","Kunst","treviso"],"articleSection":["Nachrichten"],"inLanguage":"de"},{"@type":"WebPage","@id":"https:\/\/www.codexsrl.com\/de\/nachrichten\/11-biennale-der-kinderkunst\/","url":"https:\/\/www.codexsrl.com\/de\/nachrichten\/11-biennale-der-kinderkunst\/","name":"11. Biennale der Kinderkunst | Codex srl","isPartOf":{"@id":"https:\/\/www.codexsrl.com\/de\/#website"},"primaryImageOfPage":{"@id":"https:\/\/www.codexsrl.com\/de\/nachrichten\/11-biennale-der-kinderkunst\/#primaryimage"},"image":{"@id":"https:\/\/www.codexsrl.com\/de\/nachrichten\/11-biennale-der-kinderkunst\/#primaryimage"},"thumbnailUrl":"https:\/\/www.codexsrl.com\/wp-content\/uploads\/2018\/03\/biennale-arte-del-bambino-1.jpg","datePublished":"2017-03-15T15:04:34+00:00","dateModified":"2024-03-13T10:57:11+00:00","description":"Die Kinderkunstbiennale richtet sich an Kinderg\u00e4rten, Vorschulen und Grundschulen, um Kinder durch k\u00fcnstlerische Kreativit\u00e4t zu erziehen.","breadcrumb":{"@id":"https:\/\/www.codexsrl.com\/de\/nachrichten\/11-biennale-der-kinderkunst\/#breadcrumb"},"inLanguage":"de","potentialAction":[{"@type":"ReadAction","target":["https:\/\/www.codexsrl.com\/de\/nachrichten\/11-biennale-der-kinderkunst\/"]}]},{"@type":"ImageObject","inLanguage":"de","@id":"https:\/\/www.codexsrl.com\/de\/nachrichten\/11-biennale-der-kinderkunst\/#primaryimage","url":"https:\/\/www.codexsrl.com\/wp-content\/uploads\/2018\/03\/biennale-arte-del-bambino-1.jpg","contentUrl":"https:\/\/www.codexsrl.com\/wp-content\/uploads\/2018\/03\/biennale-arte-del-bambino-1.jpg","width":940,"height":592},{"@type":"BreadcrumbList","@id":"https:\/\/www.codexsrl.com\/de\/nachrichten\/11-biennale-der-kinderkunst\/#breadcrumb","itemListElement":[{"@type":"ListItem","position":1,"name":"Home","item":"https:\/\/www.codexsrl.com\/de\/"},{"@type":"ListItem","position":2,"name":"11. Biennale der Kinderkunst"}]},{"@type":"WebSite","@id":"https:\/\/www.codexsrl.com\/de\/#website","url":"https:\/\/www.codexsrl.com\/de\/","name":"Codex srl","description":"Sch\u00fctzt und dekoriert","publisher":{"@id":"https:\/\/www.codexsrl.com\/de\/#organization"},"alternateName":"Codex Protezioni Antitrauma e Pavimentazioni","potentialAction":[{"@type":"SearchAction","target":{"@type":"EntryPoint","urlTemplate":"https:\/\/www.codexsrl.com\/de\/?s={search_term_string}"},"query-input":"required name=search_term_string"}],"inLanguage":"de"},{"@type":"Organization","@id":"https:\/\/www.codexsrl.com\/de\/#organization","name":"Codex srl","alternateName":"Codex Protezioni Antitrauma e Pavimentazioni","url":"https:\/\/www.codexsrl.com\/de\/","logo":{"@type":"ImageObject","inLanguage":"de","@id":"https:\/\/www.codexsrl.com\/de\/#\/schema\/logo\/image\/","url":"https:\/\/www.codexsrl.com\/wp-content\/uploads\/2024\/01\/logo-Codex.webp","contentUrl":"https:\/\/www.codexsrl.com\/wp-content\/uploads\/2024\/01\/logo-Codex.webp","width":527,"height":143,"caption":"Codex srl"},"image":{"@id":"https:\/\/www.codexsrl.com\/de\/#\/schema\/logo\/image\/"},"sameAs":["https:\/\/www.facebook.com\/codexsicurezza","https:\/\/www.instagram.com\/codexsrl\/","https:\/\/www.linkedin.com\/company\/codexsrl\/"]},{"@type":"Person","@id":"https:\/\/www.codexsrl.com\/de\/#\/schema\/person\/1b500ab794de0791dccff4cb499cdb36","name":"Codex"}]}},"_links":{"self":[{"href":"https:\/\/www.codexsrl.com\/de\/wp-json\/wp\/v2\/posts\/9860"}],"collection":[{"href":"https:\/\/www.codexsrl.com\/de\/wp-json\/wp\/v2\/posts"}],"about":[{"href":"https:\/\/www.codexsrl.com\/de\/wp-json\/wp\/v2\/types\/post"}],"author":[{"embeddable":true,"href":"https:\/\/www.codexsrl.com\/de\/wp-json\/wp\/v2\/users\/2"}],"replies":[{"embeddable":true,"href":"https:\/\/www.codexsrl.com\/de\/wp-json\/wp\/v2\/comments?post=9860"}],"version-history":[{"count":1,"href":"https:\/\/www.codexsrl.com\/de\/wp-json\/wp\/v2\/posts\/9860\/revisions"}],"predecessor-version":[{"id":9870,"href":"https:\/\/www.codexsrl.com\/de\/wp-json\/wp\/v2\/posts\/9860\/revisions\/9870"}],"wp:featuredmedia":[{"embeddable":true,"href":"https:\/\/www.codexsrl.com\/de\/wp-json\/wp\/v2\/media\/8493"}],"wp:attachment":[{"href":"https:\/\/www.codexsrl.com\/de\/wp-json\/wp\/v2\/media?parent=9860"}],"wp:term":[{"taxonomy":"category","embeddable":true,"href":"https:\/\/www.codexsrl.com\/de\/wp-json\/wp\/v2\/categories?post=9860"},{"taxonomy":"post_tag","embeddable":true,"href":"https:\/\/www.codexsrl.com\/de\/wp-json\/wp\/v2\/tags?post=9860"}],"curies":[{"name":"wp","href":"https:\/\/api.w.org\/{rel}","templated":true}]}}